{"id":9818,"date":"2023-01-31T08:39:00","date_gmt":"2023-01-31T07:39:00","guid":{"rendered":"https:\/\/www.packzone.it\/catalogo\/?p=9818"},"modified":"2026-03-26T11:50:14","modified_gmt":"2026-03-26T10:50:14","slug":"etichette-imballaggi","status":"publish","type":"post","link":"https:\/\/www.packzone.it\/catalogo\/etichette-imballaggi\/","title":{"rendered":"Cambiano le etichette sugli imballaggi"},"content":{"rendered":"\t\t<div data-elementor-type=\"wp-post\" data-elementor-id=\"9818\" class=\"elementor elementor-9818\" data-elementor-post-type=\"post\">\n\t\t\t\t\t\t<section class=\"elementor-section elementor-top-section elementor-element elementor-element-81c1a1b elementor-section-boxed elementor-section-height-default elementor-section-height-default\" data-id=\"81c1a1b\" data-element_type=\"section\" data-e-type=\"section\">\n\t\t\t\t\t\t<div class=\"elementor-container elementor-column-gap-default\">\n\t\t\t\t\t<div class=\"elementor-column elementor-col-100 elementor-top-column elementor-element elementor-element-cbcfaf6\" data-id=\"cbcfaf6\" data-element_type=\"column\" data-e-type=\"column\">\n\t\t\t<div class=\"elementor-widget-wrap elementor-element-populated\">\n\t\t\t\t\t\t<div class=\"elementor-element elementor-element-873b05a elementor-align-right elementor-widget elementor-widget-breadcrumbs\" data-id=\"873b05a\" data-element_type=\"widget\" data-e-type=\"widget\" data-widget_type=\"breadcrumbs.default\">\n\t\t\t\t<div class=\"elementor-widget-container\">\n\t\t\t\t\t<p id=\"breadcrumbs\">\tSei qui:\n<span><span><a href=\"https:\/\/www.packzone.it\/catalogo\/\">Home<\/a><\/span><\/span><\/p>\t\t\t\t<\/div>\n\t\t\t\t<\/div>\n\t\t\t\t<div class=\"elementor-element elementor-element-0af32c0 elementor-headline--style-highlight elementor-widget elementor-widget-animated-headline\" data-id=\"0af32c0\" data-element_type=\"widget\" data-e-type=\"widget\" data-settings=\"{&quot;highlighted_text&quot;:&quot;\\u00e8 obbligatoria!&quot;,&quot;headline_style&quot;:&quot;highlight&quot;,&quot;marker&quot;:&quot;circle&quot;,&quot;loop&quot;:&quot;yes&quot;,&quot;highlight_animation_duration&quot;:1200,&quot;highlight_iteration_delay&quot;:8000}\" data-widget_type=\"animated-headline.default\">\n\t\t\t\t<div class=\"elementor-widget-container\">\n\t\t\t\t\t\t\t<h3 class=\"elementor-headline\">\n\t\t\t\t\t<span class=\"elementor-headline-plain-text elementor-headline-text-wrapper\">Packaging, l\u2019etichettatura ambientale sugli imballaggi<\/span>\n\t\t\t\t<span class=\"elementor-headline-dynamic-wrapper elementor-headline-text-wrapper\">\n\t\t\t\t\t<span class=\"elementor-headline-dynamic-text elementor-headline-text-active\">\u00e8 obbligatoria!<\/span>\n\t\t\t\t<\/span>\n\t\t\t\t<\/h3>\n\t\t\t\t\t\t<\/div>\n\t\t\t\t<\/div>\n\t\t\t\t\t<\/div>\n\t\t<\/div>\n\t\t\t\t\t<\/div>\n\t\t<\/section>\n\t\t\t\t<section class=\"elementor-section elementor-top-section elementor-element elementor-element-df5c1e2 elementor-section-boxed elementor-section-height-default elementor-section-height-default\" data-id=\"df5c1e2\" data-element_type=\"section\" data-e-type=\"section\">\n\t\t\t\t\t\t<div class=\"elementor-container elementor-column-gap-default\">\n\t\t\t\t\t<div class=\"elementor-column elementor-col-100 elementor-top-column elementor-element elementor-element-cc163a0\" data-id=\"cc163a0\" data-element_type=\"column\" data-e-type=\"column\">\n\t\t\t<div class=\"elementor-widget-wrap elementor-element-populated\">\n\t\t\t\t\t\t<div class=\"elementor-element elementor-element-28f1f49 elementor-widget elementor-widget-text-editor\" data-id=\"28f1f49\" data-element_type=\"widget\" data-e-type=\"widget\" data-widget_type=\"text-editor.default\">\n\t\t\t\t<div class=\"elementor-widget-container\">\n\t\t\t\t\t\t\t\t\t<div class=\"elementor-element elementor-element-45456f8 elementor-widget elementor-widget-theme-post-title elementor-page-title elementor-widget-heading\" data-id=\"45456f8\" data-element_type=\"widget\" data-widget_type=\"theme-post-title.default\"><div class=\"elementor-widget-container\"><p>Per facilitare la raccolta differenziata, il riutilizzo, il recupero e il riciclaggio, dando allo stesso tempo ai consumatori informazioni precise sulle destinazioni degli imballaggi dopo il loro consumo, occorrer\u00e0 indicare\u00a0<em>\u201cla natura dei materiali di imballaggio utilizzati, sulla base della decisione 97\/129\/CE della Commissione\u201d<\/em>, come spiega il decreto legislativo, attraverso precisi simboli e parole. In sostanza,\u00a0<em>\u201ctutti gli imballaggi devono essere opportunamente etichettati secondo le modalit\u00e0 stabilite dalle norme tecniche UNI applicabili e in conformit\u00e0 alle determinazioni adottate dalla Commissione dell\u2019Unione europea\u201d<\/em>. Questo significa che\u00a0<strong>non si potranno pi\u00f9 produrre pack senza etichettatura ambientale<\/strong>.<\/p><h6><strong>Come progettare ed etichettare graficamente i nuovi packaging da ora<\/strong><\/h6><p>La codifica prevista dalla\u00a0<strong>decisione 97\/129\/CE<\/strong>\u00a0menzionata prima \u00e8 rappresentata da tre frecce che formano un triangolo equilatero, un numero e l\u2019abbreviazione del materiale, cio\u00e8 PAP che sta per PAPER (carta).<\/p><p>Infatti, per gli imballaggi di questo materiale \u00e8 necessario apporre i seguenti codici:<\/p><ul><li><strong>PAP 20<\/strong>\u00a0per gli imballaggi in cartone ondulato;<\/li><li><strong>PAP 21<\/strong>\u00a0per gli imballaggi alimentari in cartone non ondulato;<\/li><li><strong>PAP 22<\/strong>\u00a0per gli imballaggi in carta di altre categorie merceologiche.<\/li><\/ul><\/div><\/div>\t\t\t\t\t\t\t\t<\/div>\n\t\t\t\t<\/div>\n\t\t\t\t\t<\/div>\n\t\t<\/div>\n\t\t\t\t\t<\/div>\n\t\t<\/section>\n\t\t\t\t<section class=\"elementor-section elementor-top-section elementor-element elementor-element-73b2bac elementor-section-boxed elementor-section-height-default elementor-section-height-default\" data-id=\"73b2bac\" data-element_type=\"section\" data-e-type=\"section\">\n\t\t\t\t\t\t<div class=\"elementor-container elementor-column-gap-default\">\n\t\t\t\t\t<div class=\"elementor-column elementor-col-100 elementor-top-column elementor-element elementor-element-f9f5186\" data-id=\"f9f5186\" data-element_type=\"column\" data-e-type=\"column\">\n\t\t\t<div class=\"elementor-widget-wrap elementor-element-populated\">\n\t\t\t\t\t\t<div class=\"elementor-element elementor-element-779e4c2 elementor-widget elementor-widget-text-editor\" data-id=\"779e4c2\" data-element_type=\"widget\" data-e-type=\"widget\" data-widget_type=\"text-editor.default\">\n\t\t\t\t<div class=\"elementor-widget-container\">\n\t\t\t\t\t\t\t\t\t<p>Debutta il 1\u00b0 gennaio 2023 l\u2019obbligo di etichettatura ecologica per gli imballaggi e da quella data non sar\u00e0 pi\u00f9 possibile immettere in commercio quelli che ne saranno privi. Invece,\u00a0<b>quelli gi\u00e0 immessi in commercio<\/b>, o provvisti di etichettatura alla data del 1\u00b0 gennaio 2023, possono essere commercializzati fino a esaurimento delle scorte (Dl 228\/2021). Tale termine iniziale \u00e8 l&#8217;esito di una serie di proroghe che si sono succedute dal 2020, l&#8217;ultima delle quali scade il prossimo 31 dicembre (articolo 11, comma 1, Dl 228\/2021). L&#8217; eco etichetta \u00e8 prevista dall&#8217;articolo 219, comma 5, Dlgs 152\/2006 (\u201cCodice ambientale\u201d) e la sua mancata osservanza \u00e8 colpita con la sanzione amministrativa pecuniaria da da 5mila a 25mila euro, prevista dall&#8217;articolo 261, comma 3 del medesimo Testo. La disciplina \u00e8 completata dal Dm Ambiente 360\/2022 che, abrogativo del Dm 114\/2022, si \u00e8 reso necessario perch\u00e9 l&#8217;entrata in vigore del nuovo obbligo lascia prevedere impatti notevoli sui modelli organizzativi, gestionali ed economico-finanziari sia dell&#8217;industria che del commercio, anche per le pesanti sanzioni previste.<\/p><p>Scopri la nostra produzione sul <a href=\"https:\/\/www.youtube.com\/@GrafemagroupIt\">Canale YouTube<\/a><\/p>\t\t\t\t\t\t\t\t<\/div>\n\t\t\t\t<\/div>\n\t\t\t\t\t<\/div>\n\t\t<\/div>\n\t\t\t\t\t<\/div>\n\t\t<\/section>\n\t\t\t\t<section class=\"elementor-section elementor-top-section elementor-element elementor-element-4ca14c69 elementor-section-height-min-height elementor-section-boxed elementor-section-height-default elementor-section-items-middle\" data-id=\"4ca14c69\" data-element_type=\"section\" data-e-type=\"section\" data-settings=\"{&quot;background_background&quot;:&quot;classic&quot;}\">\n\t\t\t\t\t\t\t<div class=\"elementor-background-overlay\"><\/div>\n\t\t\t\t\t\t\t<div class=\"elementor-container elementor-column-gap-default\">\n\t\t\t\t\t<div class=\"elementor-column elementor-col-100 elementor-top-column elementor-element elementor-element-5115653f\" data-id=\"5115653f\" data-element_type=\"column\" data-e-type=\"column\">\n\t\t\t<div class=\"elementor-widget-wrap elementor-element-populated\">\n\t\t\t\t\t\t<div class=\"elementor-element elementor-element-35ac31d5 elementor-widget elementor-widget-heading\" data-id=\"35ac31d5\" data-element_type=\"widget\" data-e-type=\"widget\" data-widget_type=\"heading.default\">\n\t\t\t\t<div class=\"elementor-widget-container\">\n\t\t\t\t\t<h1 class=\"elementor-heading-title elementor-size-default\"><b>nuove regole per il packaging<\/b><\/h1>\t\t\t\t<\/div>\n\t\t\t\t<\/div>\n\t\t\t\t\t<\/div>\n\t\t<\/div>\n\t\t\t\t\t<\/div>\n\t\t<\/section>\n\t\t\t\t<section class=\"elementor-section elementor-top-section elementor-element elementor-element-4b77fcc7 elementor-section-boxed elementor-section-height-default elementor-section-height-default\" data-id=\"4b77fcc7\" data-element_type=\"section\" data-e-type=\"section\">\n\t\t\t\t\t\t<div class=\"elementor-container elementor-column-gap-default\">\n\t\t\t\t\t<div class=\"elementor-column elementor-col-100 elementor-top-column elementor-element elementor-element-787f1bed\" data-id=\"787f1bed\" data-element_type=\"column\" data-e-type=\"column\">\n\t\t\t<div class=\"elementor-widget-wrap elementor-element-populated\">\n\t\t\t\t\t\t<div class=\"elementor-element elementor-element-7bd42a70 elementor-widget elementor-widget-heading\" data-id=\"7bd42a70\" data-element_type=\"widget\" data-e-type=\"widget\" data-widget_type=\"heading.default\">\n\t\t\t\t<div class=\"elementor-widget-container\">\n\t\t\t\t\t<h2 class=\"elementor-heading-title elementor-size-small\">Il decreto legislativo 116\/2020 impone che tutti gli imballaggi siano opportunamente etichettati al fine di fornire ai consumatori le informazioni necessarie per individuare la corretta natura dei materiali che li compongono e la destinazione finale dei rifiuti da imballaggio.<\/h2>\t\t\t\t<\/div>\n\t\t\t\t<\/div>\n\t\t\t\t<div class=\"elementor-element elementor-element-14ae1e7e elementor-widget elementor-widget-text-editor\" data-id=\"14ae1e7e\" data-element_type=\"widget\" data-e-type=\"widget\" data-widget_type=\"text-editor.default\">\n\t\t\t\t<div class=\"elementor-widget-container\">\n\t\t\t\t\t\t\t\t\t<div class=\"art-subtitle\"><h5 id=\"U402108324949V8C\">Applicazioni diversificate<\/h5><\/div><p class=\"art-text\">I settori sono molto diversificati tra loro e con ovvie diverse esigenze. Pertanto, su tutti gli imballaggi (primari, secondari e terziari) i produttori devono indicare la codifica alfa-numerica prevista dalla decisione 97\/129\/Ce (es. Alu 41 per l&#8217;alluminio). A tal fine, il Dm 360\/2022 contiene apposite linee guida e aiuta le imprese nei nuovi adempimenti tesi a facilitare raccolta, riutilizzo, recupero e riciclaggio degli imballaggi, nonch\u00e9 a fornire una corretta informazione ai consumatori sulle loro destinazioni finali. Infatti, sugli imballaggi destinati al consumatore devono esserci anche le indicazioni per aiutarlo nella raccolta differenziata. Il decreto chiarisce alcune cose importanti; ad esempio, che la genericit\u00e0 del richiamo alle norme Uni \u201csottintende che, qualora si voglia comunicare determinati contenuti in etichettatura ambientale, si debbano adottare le norme Uni di riferimento\u201d.<\/p><div class=\"art-subtitle\"><h5 id=\"U402108324949d4D\">La raccolta differenziata<\/h5><\/div><p class=\"art-text\">Le informazioni sulle destinazioni finali degli imballaggi \u201csono quelle che comunicano il corretto conferimento dell&#8217;imballaggio a fine vita (per esempio \u201cRaccolta differenziata. Verifica le disposizioni del tuo Comune)\u201d. Sull&#8217;apposizione fisica dell&#8217;informazione sull&#8217;imballaggio, le linee guida chiariscono che, in alternativa, e\u0300 possibile renderla disponibile tramite canali digitali a scelta (per esempio app, Qr code, siti web). Inoltre,\u00a0<b>ogni etichetta ha il suo colore<\/b>: blu per la carta, marrone per l&#8217;organico, giallo per la plastica, turchese per i metalli, verde per il vetro e grigio per l&#8217;indifferenziato.<\/p><div class=\"art-subtitle\"><h5 id=\"U402108324949deB\">Cosa indicare nell\u2019etichetta<\/h5><\/div><p class=\"art-text\">Per identificare e classificare il contenitore, i produttori devono indicare la natura sia dei materiali di imballaggio utilizzati sia degli ulteriori obblighi di marcatura previsti per gli imballaggi in plastica biodegradabile e compostabile (articolo 182-ter, comma 6, lettera b), Dlgs 152\/2006) che, opportunamente etichettati, sono raccolti e riciclati insieme ai rifiuti organici.<\/p><p class=\"art-text\">Queste regole, secondo la risposta ministeriale dell&#8217;11 novembre 2022 a interpello di Confindustria, non si applicano agli imballaggi per i farmaci a uso umano e veterinario, per i dispositivi medici e medico-diagnostici in vitro, almeno \u201cfino all&#8217;adozione del decreto\u201d di cui al comma 4, articolo 219, \u201cche recher\u00e0 per essi la specifica disciplina attuativa\u201d.<\/p>\t\t\t\t\t\t\t\t<\/div>\n\t\t\t\t<\/div>\n\t\t\t\t<div class=\"elementor-element elementor-element-eb2f95f elementor-widget elementor-widget-text-editor\" data-id=\"eb2f95f\" data-element_type=\"widget\" data-e-type=\"widget\" data-widget_type=\"text-editor.default\">\n\t\t\t\t<div class=\"elementor-widget-container\">\n\t\t\t\t\t\t\t\t\t<h6>In pratica \u00e8 necessario che su ogni packaging vengano indicati:<\/h6><ol><li>la tipologia dell\u2019imballaggio (o di ogni suo componente se multicomponente);<\/li><li>il materiale di cui \u00e8 composto l\u2019imballo, o i vari componenti;<\/li><li>i codici dei materiali, se esistenti (conformemente alla decisione della Commissione 1997\/129);<\/li><li>la corretta destinazione finale dell\u2019imballo, ovvero come esso debba essere smaltito e in quale raccolta debba essere conferito.<\/li><\/ol>\t\t\t\t\t\t\t\t<\/div>\n\t\t\t\t<\/div>\n\t\t\t\t\t<\/div>\n\t\t<\/div>\n\t\t\t\t\t<\/div>\n\t\t<\/section>\n\t\t\t\t<section class=\"elementor-section elementor-top-section elementor-element elementor-element-39b01f85 elementor-section-height-min-height elementor-section-items-stretch elementor-section-boxed elementor-section-height-default\" data-id=\"39b01f85\" data-element_type=\"section\" data-e-type=\"section\">\n\t\t\t\t\t\t<div class=\"elementor-container elementor-column-gap-default\">\n\t\t\t\t\t<div class=\"elementor-column elementor-col-100 elementor-top-column elementor-element elementor-element-28a0764d\" data-id=\"28a0764d\" data-element_type=\"column\" data-e-type=\"column\" data-settings=\"{&quot;background_background&quot;:&quot;classic&quot;}\">\n\t\t\t<div class=\"elementor-widget-wrap elementor-element-populated\">\n\t\t\t\t\t\t<div class=\"elementor-element elementor-element-4755282b elementor-widget__width-inherit elementor-invisible elementor-widget elementor-widget-heading\" data-id=\"4755282b\" data-element_type=\"widget\" data-e-type=\"widget\" data-settings=\"{&quot;_animation&quot;:&quot;fadeIn&quot;}\" data-widget_type=\"heading.default\">\n\t\t\t\t<div class=\"elementor-widget-container\">\n\t\t\t\t\t<h2 class=\"elementor-heading-title elementor-size-default\">Continua l'aggiornamento delle regole a partire dal  <br><b>2025<\/b><\/h2>\t\t\t\t<\/div>\n\t\t\t\t<\/div>\n\t\t\t\t<div class=\"elementor-element elementor-element-637b485 elementor-widget__width-inherit elementor-widget elementor-widget-text-editor\" data-id=\"637b485\" data-element_type=\"widget\" data-e-type=\"widget\" data-widget_type=\"text-editor.default\">\n\t\t\t\t<div class=\"elementor-widget-container\">\n\t\t\t\t\t\t\t\t\t<p class=\"cdk-visually-hidden ng-star-inserted\"><span style=\"font-size: 16px;\">Il settore del packaging sta attraversando una trasformazione radicale grazie al nuovo <\/span><b style=\"font-size: 16px;\" data-path-to-node=\"0\" data-index-in-node=\"87\">Regolamento Europeo (UE) 2025\/40<\/b><span style=\"font-size: 16px;\">, noto come <\/span><b style=\"font-size: 16px;\" data-path-to-node=\"0\" data-index-in-node=\"131\">PPWR<\/b><span style=\"font-size: 16px;\"> (<\/span><i style=\"font-size: 16px;\" data-path-to-node=\"0\" data-index-in-node=\"137\">Packaging and Packaging Waste Regulation<\/i><span style=\"font-size: 16px;\">). Questa normativa punta a armonizzare le regole in tutta l&#8217;Unione, eliminando le frammentazioni nazionali (come l&#8217;attuale sistema italiano D.Lgs 116\/2020) a favore di uno standard unico.\u00a0<\/span><\/p>\t\t\t\t\t\t\t\t<\/div>\n\t\t\t\t<\/div>\n\t\t\t\t\t<\/div>\n\t\t<\/div>\n\t\t\t\t\t<\/div>\n\t\t<\/section>\n\t\t\t\t<section class=\"elementor-section elementor-top-section elementor-element elementor-element-31720ee4 elementor-section-boxed elementor-section-height-default elementor-section-height-default\" data-id=\"31720ee4\" data-element_type=\"section\" data-e-type=\"section\">\n\t\t\t\t\t\t<div class=\"elementor-container elementor-column-gap-default\">\n\t\t\t\t\t<div class=\"elementor-column elementor-col-100 elementor-top-column elementor-element elementor-element-4348ce9a\" data-id=\"4348ce9a\" data-element_type=\"column\" data-e-type=\"column\">\n\t\t\t<div class=\"elementor-widget-wrap elementor-element-populated\">\n\t\t\t\t\t\t<section class=\"elementor-section elementor-inner-section elementor-element elementor-element-52652b6f elementor-section-boxed elementor-section-height-default elementor-section-height-default\" data-id=\"52652b6f\" data-element_type=\"section\" data-e-type=\"section\">\n\t\t\t\t\t\t<div class=\"elementor-container elementor-column-gap-default\">\n\t\t\t\t\t<div class=\"elementor-column elementor-col-100 elementor-inner-column elementor-element elementor-element-57c3885c\" data-id=\"57c3885c\" data-element_type=\"column\" data-e-type=\"column\">\n\t\t\t<div class=\"elementor-widget-wrap elementor-element-populated\">\n\t\t\t\t\t\t<div class=\"elementor-element elementor-element-b781e3a elementor-widget elementor-widget-heading\" data-id=\"b781e3a\" data-element_type=\"widget\" data-e-type=\"widget\" data-widget_type=\"heading.default\">\n\t\t\t\t<div class=\"elementor-widget-container\">\n\t\t\t\t\t<h2 class=\"elementor-heading-title elementor-size-default\"><a href=\"https:\/\/www.packzone.it\/catalogo\/categoria\/packaging\/\">Crea il tuo nuovo  packaging  <br><b> nel rispetto delle linee guida<\/b><\/a><\/h2>\t\t\t\t<\/div>\n\t\t\t\t<\/div>\n\t\t\t\t\t<\/div>\n\t\t<\/div>\n\t\t\t\t\t<\/div>\n\t\t<\/section>\n\t\t\t\t<div class=\"elementor-element elementor-element-b6a86e5 elementor-widget elementor-widget-image\" data-id=\"b6a86e5\" data-element_type=\"widget\" data-e-type=\"widget\" data-widget_type=\"image.default\">\n\t\t\t\t<div class=\"elementor-widget-container\">\n\t\t\t\t\t\t\t\t\t\t\t\t\t\t\t<img fetchpriority=\"high\" decoding=\"async\" width=\"800\" height=\"800\" src=\"https:\/\/i0.wp.com\/www.packzone.it\/catalogo\/wp-content\/uploads\/2023\/01\/astucci-personalizzato-per-crema-viso.webp?fit=800%2C800&amp;ssl=1\" class=\"attachment-large size-large wp-image-19843\" alt=\"etichettatura ambientale del packaging\" srcset=\"https:\/\/i0.wp.com\/www.packzone.it\/catalogo\/wp-content\/uploads\/2023\/01\/astucci-personalizzato-per-crema-viso.webp?w=1134&amp;ssl=1 1134w, https:\/\/i0.wp.com\/www.packzone.it\/catalogo\/wp-content\/uploads\/2023\/01\/astucci-personalizzato-per-crema-viso.webp?resize=300%2C300&amp;ssl=1 300w, https:\/\/i0.wp.com\/www.packzone.it\/catalogo\/wp-content\/uploads\/2023\/01\/astucci-personalizzato-per-crema-viso.webp?resize=100%2C100&amp;ssl=1 100w, https:\/\/i0.wp.com\/www.packzone.it\/catalogo\/wp-content\/uploads\/2023\/01\/astucci-personalizzato-per-crema-viso.webp?resize=200%2C200&amp;ssl=1 200w, https:\/\/i0.wp.com\/www.packzone.it\/catalogo\/wp-content\/uploads\/2023\/01\/astucci-personalizzato-per-crema-viso.webp?resize=1024%2C1024&amp;ssl=1 1024w, https:\/\/i0.wp.com\/www.packzone.it\/catalogo\/wp-content\/uploads\/2023\/01\/astucci-personalizzato-per-crema-viso.webp?resize=150%2C150&amp;ssl=1 150w, https:\/\/i0.wp.com\/www.packzone.it\/catalogo\/wp-content\/uploads\/2023\/01\/astucci-personalizzato-per-crema-viso.webp?resize=768%2C768&amp;ssl=1 768w\" sizes=\"(max-width: 800px) 100vw, 800px\" \/>\t\t\t\t\t\t\t\t\t\t\t\t\t\t\t<\/div>\n\t\t\t\t<\/div>\n\t\t\t\t<div class=\"elementor-element elementor-element-6ca1192 elementor-align-center elementor-widget elementor-widget-button\" data-id=\"6ca1192\" data-element_type=\"widget\" data-e-type=\"widget\" data-widget_type=\"button.default\">\n\t\t\t\t<div class=\"elementor-widget-container\">\n\t\t\t\t\t\t\t\t\t<div class=\"elementor-button-wrapper\">\n\t\t\t\t\t<a class=\"elementor-button elementor-button-link elementor-size-sm\" href=\"https:\/\/www.packzone.it\/catalogo\/\">\n\t\t\t\t\t\t<span class=\"elementor-button-content-wrapper\">\n\t\t\t\t\t\t\t\t\t<span class=\"elementor-button-text\">CREA IL TUO PACKAGING PERSONALIZZATO<\/span>\n\t\t\t\t\t<\/span>\n\t\t\t\t\t<\/a>\n\t\t\t\t<\/div>\n\t\t\t\t\t\t\t\t<\/div>\n\t\t\t\t<\/div>\n\t\t\t\t\t<\/div>\n\t\t<\/div>\n\t\t\t\t\t<\/div>\n\t\t<\/section>\n\t\t\t\t<section class=\"elementor-section elementor-top-section elementor-element elementor-element-e9a52b7 elementor-section-boxed elementor-section-height-default elementor-section-height-default\" data-id=\"e9a52b7\" data-element_type=\"section\" data-e-type=\"section\">\n\t\t\t\t\t\t<div class=\"elementor-container elementor-column-gap-default\">\n\t\t\t\t\t<div class=\"elementor-column elementor-col-100 elementor-top-column elementor-element elementor-element-2a81323\" data-id=\"2a81323\" data-element_type=\"column\" data-e-type=\"column\">\n\t\t\t<div class=\"elementor-widget-wrap elementor-element-populated\">\n\t\t\t\t\t\t<div class=\"elementor-element elementor-element-dad930b elementor-widget elementor-widget-text-editor\" data-id=\"dad930b\" data-element_type=\"widget\" data-e-type=\"widget\" data-widget_type=\"text-editor.default\">\n\t\t\t\t<div class=\"elementor-widget-container\">\n\t\t\t\t\t\t\t\t\t<h2 data-path-to-node=\"1\">Ecco i punti chiave del cambiamento:<\/h2><hr data-path-to-node=\"2\" \/><h3 data-path-to-node=\"3\">1. Etichettatura Armonizzata e Simboli Unici<\/h3><p data-path-to-node=\"4\">L&#8217;obiettivo \u00e8 che un cittadino europeo possa riconoscere come differenziare un imballaggio sia a Roma che a Berlino.<\/p><ul data-path-to-node=\"5\"><li><p data-path-to-node=\"5,0,0\"><b data-path-to-node=\"5,0,0\" data-index-in-node=\"0\">Pittogrammi comuni:<\/b> Verranno introdotti simboli grafici identici in tutta l&#8217;UE che indicano la composizione del materiale e il corretto secchio della differenziata.<\/p><\/li><li><p data-path-to-node=\"5,1,0\"><b data-path-to-node=\"5,1,0\" data-index-in-node=\"0\">QR Code e Digitale:<\/b> Diventa centrale l&#8217;uso di tecnologie digitali. Il QR code potr\u00e0 fornire informazioni dettagliate sulla riciclabilit\u00e0, il riutilizzo e la tracciabilit\u00e0, riducendo l&#8217;ingombro di testo fisico sul pack.<\/p><\/li><\/ul><h3 data-path-to-node=\"6\">2. Classi di Riciclabilit\u00e0 (Rating A-E)<\/h3><p data-path-to-node=\"7\">Proprio come avviene per gli elettrodomestici, gli imballaggi riceveranno un &#8220;voto&#8221; basato sulla loro facilit\u00e0 di riciclo:<\/p><ul data-path-to-node=\"8\"><li><p data-path-to-node=\"8,0,0\"><b data-path-to-node=\"8,0,0\" data-index-in-node=\"0\">Performance:<\/b> Gli imballaggi saranno classificati da <b data-path-to-node=\"8,0,0\" data-index-in-node=\"52\">A<\/b> (massima riciclabilit\u00e0) a <b data-path-to-node=\"8,0,0\" data-index-in-node=\"80\">E<\/b>.<\/p><\/li><li><p data-path-to-node=\"8,1,0\"><b data-path-to-node=\"8,1,0\" data-index-in-node=\"0\">Soglie minime:<\/b> Dal <b data-path-to-node=\"8,1,0\" data-index-in-node=\"19\">2030<\/b>, gli imballaggi che ricadono nella classe E non potranno pi\u00f9 essere immessi sul mercato.<\/p><\/li><\/ul><h3 data-path-to-node=\"9\">3. Sostanze Vietate e Sicurezza<\/h3><p data-path-to-node=\"10\">L&#8217;etichettatura dovr\u00e0 anche riflettere l&#8217;assenza di sostanze nocive. Dal <b data-path-to-node=\"10\" data-index-in-node=\"73\">12 agosto 2026<\/b>, scatta il divieto di utilizzare <b data-path-to-node=\"10\" data-index-in-node=\"121\">PFAS<\/b> (le cosiddette &#8220;sostanze chimiche permanenti&#8221;) negli imballaggi a contatto con gli alimenti sopra determinate soglie.<\/p><h3 data-path-to-node=\"11\">4. Cronoprogramma delle scadenze<\/h3><table data-path-to-node=\"12\"><thead><tr><td><strong>Data<\/strong><\/td><td><strong>Cosa cambia?<\/strong><\/td><\/tr><\/thead><tbody><tr><td><span data-path-to-node=\"12,1,0,0\"><b data-path-to-node=\"12,1,0,0\" data-index-in-node=\"0\">11 Febbraio 2025<\/b><\/span><\/td><td><span data-path-to-node=\"12,1,1,0\">Entrata in vigore formale del Regolamento PPWR.<\/span><\/td><\/tr><tr><td><span data-path-to-node=\"12,2,0,0\"><b data-path-to-node=\"12,2,0,0\" data-index-in-node=\"0\">12 Agosto 2026<\/b><\/span><\/td><td><span data-path-to-node=\"12,2,1,0\">Applicazione obbligatoria dei requisiti di sicurezza (es. stop PFAS).<\/span><\/td><\/tr><tr><td><span data-path-to-node=\"12,3,0,0\"><b data-path-to-node=\"12,3,0,0\" data-index-in-node=\"0\">Agosto 2028<\/b><\/span><\/td><td><span data-path-to-node=\"12,3,1,0\">Obbligo di <b data-path-to-node=\"12,3,1,0\" data-index-in-node=\"11\">etichettatura armonizzata<\/b> UE (data stimata in base agli atti attuativi).<\/span><\/td><\/tr><tr><td><span data-path-to-node=\"12,4,0,0\"><b data-path-to-node=\"12,4,0,0\" data-index-in-node=\"0\">1 Gennaio 2030<\/b><\/span><\/td><td><span data-path-to-node=\"12,4,1,0\">Divieto per molti imballaggi monouso e obbligo di riciclabilit\u00e0 minima.<\/span><\/td><\/tr><\/tbody><\/table>\t\t\t\t\t\t\t\t<\/div>\n\t\t\t\t<\/div>\n\t\t\t\t\t<\/div>\n\t\t<\/div>\n\t\t\t\t\t<\/div>\n\t\t<\/section>\n\t\t\t\t<\/div>\n\t\t","protected":false},"excerpt":{"rendered":"<p>Il settore del packaging sta attraversando una trasformazione radicale grazie al nuovo Regolamento Europeo (UE) 2025\/40, noto come PPWR (Packaging and Packaging Waste Regulation). Questa normativa punta a armonizzare le regole in tutta l&#8217;Unione, eliminando le frammentazioni nazionali (come l&#8217;attuale sistema italiano D.Lgs 116\/2020) a favore di uno standard unico.<\/p>\n","protected":false},"author":1,"featured_media":19843,"comment_status":"closed","ping_status":"closed","sticky":true,"template":"","format":"standard","meta":{"footnotes":"","jetpack_post_was_ever_published":false},"categories":[21,1],"tags":[],"class_list":["post-9818","post","type-post","status-publish","format-standard","has-post-thumbnail","hentry","category-novita","category-suggerimenti"],"yoast_head":"<!-- This site is optimized with the Yoast SEO plugin v28.4 - https:\/\/yoast.com\/product\/yoast-seo-wordpress\/ -->\n<title>Cambiano le etichette sugli imballaggi - PackZone.it<\/title>\n<meta name=\"description\" content=\"Nuove regole di etichettatura per il packaging: non sar\u00e0 pi\u00f9 possibile immettere in commercio quelli che ne saranno privi. Approfondisci...\" \/>\n<meta name=\"robots\" content=\"index, follow, max-snippet:-1, max-image-preview:large, max-video-preview:-1\" \/>\n<link rel=\"canonical\" href=\"https:\/\/www.packzone.it\/catalogo\/etichette-imballaggi\/\" \/>\n<meta property=\"og:locale\" content=\"it_IT\" \/>\n<meta property=\"og:type\" content=\"article\" \/>\n<meta property=\"og:title\" content=\"Cambiano le etichette sugli imballaggi - PackZone.it\" \/>\n<meta property=\"og:description\" content=\"Nuove regole di etichettatura per il packaging: non sar\u00e0 pi\u00f9 possibile immettere in commercio quelli che ne saranno privi. Approfondisci...\" \/>\n<meta property=\"og:url\" content=\"https:\/\/www.packzone.it\/catalogo\/etichette-imballaggi\/\" \/>\n<meta property=\"og:site_name\" content=\"PackZone.it\" \/>\n<meta property=\"article:publisher\" content=\"https:\/\/www.facebook.com\/grafemagroup\" \/>\n<meta property=\"article:published_time\" content=\"2023-01-31T07:39:00+00:00\" \/>\n<meta property=\"article:modified_time\" content=\"2026-03-26T10:50:14+00:00\" \/>\n<meta property=\"og:image\" content=\"https:\/\/www.packzone.it\/catalogo\/wp-content\/uploads\/2023\/01\/astucci-personalizzato-per-crema-viso.webp\" \/>\n\t<meta property=\"og:image:width\" content=\"1134\" \/>\n\t<meta property=\"og:image:height\" content=\"1134\" \/>\n\t<meta property=\"og:image:type\" content=\"image\/webp\" \/>\n<meta name=\"author\" content=\"Marino Risi\" \/>\n<script type=\"application\/ld+json\" class=\"yoast-schema-graph\">{\"@context\":\"https:\\\/\\\/schema.org\",\"@graph\":[{\"@type\":\"Article\",\"@id\":\"https:\\\/\\\/www.packzone.it\\\/catalogo\\\/etichette-imballaggi\\\/#article\",\"isPartOf\":{\"@id\":\"https:\\\/\\\/www.packzone.it\\\/catalogo\\\/etichette-imballaggi\\\/\"},\"author\":{\"name\":\"Marino Risi\",\"@id\":\"https:\\\/\\\/www.packzone.it\\\/catalogo\\\/#\\\/schema\\\/person\\\/012870d66f936de8700ec71c5f0a6d99\"},\"headline\":\"Cambiano le etichette sugli imballaggi\",\"datePublished\":\"2023-01-31T07:39:00+00:00\",\"dateModified\":\"2026-03-26T10:50:14+00:00\",\"mainEntityOfPage\":{\"@id\":\"https:\\\/\\\/www.packzone.it\\\/catalogo\\\/etichette-imballaggi\\\/\"},\"wordCount\":1072,\"publisher\":{\"@id\":\"https:\\\/\\\/www.packzone.it\\\/catalogo\\\/#organization\"},\"image\":{\"@id\":\"https:\\\/\\\/www.packzone.it\\\/catalogo\\\/etichette-imballaggi\\\/#primaryimage\"},\"thumbnailUrl\":\"https:\\\/\\\/i0.wp.com\\\/www.packzone.it\\\/catalogo\\\/wp-content\\\/uploads\\\/2023\\\/01\\\/astucci-personalizzato-per-crema-viso.webp?fit=1134%2C1134&ssl=1\",\"articleSection\":[\"Novit\u00e0\",\"Suggerimenti\"],\"inLanguage\":\"it-IT\"},{\"@type\":\"WebPage\",\"@id\":\"https:\\\/\\\/www.packzone.it\\\/catalogo\\\/etichette-imballaggi\\\/\",\"url\":\"https:\\\/\\\/www.packzone.it\\\/catalogo\\\/etichette-imballaggi\\\/\",\"name\":\"Cambiano le etichette sugli imballaggi - PackZone.it\",\"isPartOf\":{\"@id\":\"https:\\\/\\\/www.packzone.it\\\/catalogo\\\/#website\"},\"primaryImageOfPage\":{\"@id\":\"https:\\\/\\\/www.packzone.it\\\/catalogo\\\/etichette-imballaggi\\\/#primaryimage\"},\"image\":{\"@id\":\"https:\\\/\\\/www.packzone.it\\\/catalogo\\\/etichette-imballaggi\\\/#primaryimage\"},\"thumbnailUrl\":\"https:\\\/\\\/i0.wp.com\\\/www.packzone.it\\\/catalogo\\\/wp-content\\\/uploads\\\/2023\\\/01\\\/astucci-personalizzato-per-crema-viso.webp?fit=1134%2C1134&ssl=1\",\"datePublished\":\"2023-01-31T07:39:00+00:00\",\"dateModified\":\"2026-03-26T10:50:14+00:00\",\"description\":\"Nuove regole di etichettatura per il packaging: non sar\u00e0 pi\u00f9 possibile immettere in commercio quelli che ne saranno privi. Approfondisci...\",\"breadcrumb\":{\"@id\":\"https:\\\/\\\/www.packzone.it\\\/catalogo\\\/etichette-imballaggi\\\/#breadcrumb\"},\"inLanguage\":\"it-IT\",\"potentialAction\":[{\"@type\":\"ReadAction\",\"target\":[\"https:\\\/\\\/www.packzone.it\\\/catalogo\\\/etichette-imballaggi\\\/\"]}]},{\"@type\":\"ImageObject\",\"inLanguage\":\"it-IT\",\"@id\":\"https:\\\/\\\/www.packzone.it\\\/catalogo\\\/etichette-imballaggi\\\/#primaryimage\",\"url\":\"https:\\\/\\\/i0.wp.com\\\/www.packzone.it\\\/catalogo\\\/wp-content\\\/uploads\\\/2023\\\/01\\\/astucci-personalizzato-per-crema-viso.webp?fit=1134%2C1134&ssl=1\",\"contentUrl\":\"https:\\\/\\\/i0.wp.com\\\/www.packzone.it\\\/catalogo\\\/wp-content\\\/uploads\\\/2023\\\/01\\\/astucci-personalizzato-per-crema-viso.webp?fit=1134%2C1134&ssl=1\",\"width\":1134,\"height\":1134,\"caption\":\"cambiano le etichette sugli imballaggi etichettatura ambientale del packaging\"},{\"@type\":\"BreadcrumbList\",\"@id\":\"https:\\\/\\\/www.packzone.it\\\/catalogo\\\/etichette-imballaggi\\\/#breadcrumb\",\"itemListElement\":[{\"@type\":\"ListItem\",\"position\":1,\"name\":\"Home\",\"item\":\"https:\\\/\\\/www.packzone.it\\\/catalogo\\\/\"},{\"@type\":\"ListItem\",\"position\":2,\"name\":\"Novit\u00e0\",\"item\":\"https:\\\/\\\/www.packzone.it\\\/catalogo\\\/blog\\\/novita\\\/\"},{\"@type\":\"ListItem\",\"position\":3,\"name\":\"Cambiano le etichette sugli imballaggi\"}]},{\"@type\":\"WebSite\",\"@id\":\"https:\\\/\\\/www.packzone.it\\\/catalogo\\\/#website\",\"url\":\"https:\\\/\\\/www.packzone.it\\\/catalogo\\\/\",\"name\":\"PackZone.it\",\"description\":\"Soluzioni di Packaging personalizzato su misura che proteggono il tuo valore.\",\"publisher\":{\"@id\":\"https:\\\/\\\/www.packzone.it\\\/catalogo\\\/#organization\"},\"alternateName\":\"Packzone.it\",\"potentialAction\":[{\"@type\":\"SearchAction\",\"target\":{\"@type\":\"EntryPoint\",\"urlTemplate\":\"https:\\\/\\\/www.packzone.it\\\/catalogo\\\/?s={search_term_string}\"},\"query-input\":{\"@type\":\"PropertyValueSpecification\",\"valueRequired\":true,\"valueName\":\"search_term_string\"}}],\"inLanguage\":\"it-IT\"},{\"@type\":\"Organization\",\"@id\":\"https:\\\/\\\/www.packzone.it\\\/catalogo\\\/#organization\",\"name\":\"PackZone.it\",\"alternateName\":\"Packzone.it\",\"url\":\"https:\\\/\\\/www.packzone.it\\\/catalogo\\\/\",\"logo\":{\"@type\":\"ImageObject\",\"inLanguage\":\"it-IT\",\"@id\":\"https:\\\/\\\/www.packzone.it\\\/catalogo\\\/#\\\/schema\\\/logo\\\/image\\\/\",\"url\":\"https:\\\/\\\/www.packzone.it\\\/catalogo\\\/wp-content\\\/uploads\\\/2022\\\/06\\\/logo.svg\",\"contentUrl\":\"https:\\\/\\\/www.packzone.it\\\/catalogo\\\/wp-content\\\/uploads\\\/2022\\\/06\\\/logo.svg\",\"width\":350,\"height\":178,\"caption\":\"PackZone.it\"},\"image\":{\"@id\":\"https:\\\/\\\/www.packzone.it\\\/catalogo\\\/#\\\/schema\\\/logo\\\/image\\\/\"},\"sameAs\":[\"https:\\\/\\\/www.facebook.com\\\/grafemagroup\",\"https:\\\/\\\/x.com\\\/grafemagroup\",\"https:\\\/\\\/www.instagram.com\\\/grafemagroup.it\\\/\",\"https:\\\/\\\/www.linkedin.com\\\/company\\\/42678813\\\/admin\\\/\",\"https:\\\/\\\/www.youtube.com\\\/channel\\\/UC44Nrj4jwb4T90noFVaDb0A\",\"https:\\\/\\\/www.instagram.com\\\/packzone.it\\\/\"]},{\"@type\":\"Person\",\"@id\":\"https:\\\/\\\/www.packzone.it\\\/catalogo\\\/#\\\/schema\\\/person\\\/012870d66f936de8700ec71c5f0a6d99\",\"name\":\"Marino Risi\",\"image\":{\"@type\":\"ImageObject\",\"inLanguage\":\"it-IT\",\"@id\":\"https:\\\/\\\/secure.gravatar.com\\\/avatar\\\/c66ae043d506c88a63b3110828d9a77cee58e039f8471d4728107cced9a78826?s=96&d=mm&r=g\",\"url\":\"https:\\\/\\\/secure.gravatar.com\\\/avatar\\\/c66ae043d506c88a63b3110828d9a77cee58e039f8471d4728107cced9a78826?s=96&d=mm&r=g\",\"contentUrl\":\"https:\\\/\\\/secure.gravatar.com\\\/avatar\\\/c66ae043d506c88a63b3110828d9a77cee58e039f8471d4728107cced9a78826?s=96&d=mm&r=g\",\"caption\":\"Marino Risi\"},\"sameAs\":[\"https:\\\/\\\/www.packzone.it\\\/catalogo\"]}]}<\/script>\n<!-- \/ Yoast SEO plugin. -->","yoast_head_json":{"title":"Cambiano le etichette sugli imballaggi - PackZone.it","description":"Nuove regole di etichettatura per il packaging: non sar\u00e0 pi\u00f9 possibile immettere in commercio quelli che ne saranno privi. Approfondisci...","robots":{"index":"index","follow":"follow","max-snippet":"max-snippet:-1","max-image-preview":"max-image-preview:large","max-video-preview":"max-video-preview:-1"},"canonical":"https:\/\/www.packzone.it\/catalogo\/etichette-imballaggi\/","og_locale":"it_IT","og_type":"article","og_title":"Cambiano le etichette sugli imballaggi - PackZone.it","og_description":"Nuove regole di etichettatura per il packaging: non sar\u00e0 pi\u00f9 possibile immettere in commercio quelli che ne saranno privi. Approfondisci...","og_url":"https:\/\/www.packzone.it\/catalogo\/etichette-imballaggi\/","og_site_name":"PackZone.it","article_publisher":"https:\/\/www.facebook.com\/grafemagroup","article_published_time":"2023-01-31T07:39:00+00:00","article_modified_time":"2026-03-26T10:50:14+00:00","og_image":[{"width":1134,"height":1134,"url":"https:\/\/www.packzone.it\/catalogo\/wp-content\/uploads\/2023\/01\/astucci-personalizzato-per-crema-viso.webp","type":"image\/webp"}],"author":"Marino Risi","schema":{"@context":"https:\/\/schema.org","@graph":[{"@type":"Article","@id":"https:\/\/www.packzone.it\/catalogo\/etichette-imballaggi\/#article","isPartOf":{"@id":"https:\/\/www.packzone.it\/catalogo\/etichette-imballaggi\/"},"author":{"name":"Marino Risi","@id":"https:\/\/www.packzone.it\/catalogo\/#\/schema\/person\/012870d66f936de8700ec71c5f0a6d99"},"headline":"Cambiano le etichette sugli imballaggi","datePublished":"2023-01-31T07:39:00+00:00","dateModified":"2026-03-26T10:50:14+00:00","mainEntityOfPage":{"@id":"https:\/\/www.packzone.it\/catalogo\/etichette-imballaggi\/"},"wordCount":1072,"publisher":{"@id":"https:\/\/www.packzone.it\/catalogo\/#organization"},"image":{"@id":"https:\/\/www.packzone.it\/catalogo\/etichette-imballaggi\/#primaryimage"},"thumbnailUrl":"https:\/\/i0.wp.com\/www.packzone.it\/catalogo\/wp-content\/uploads\/2023\/01\/astucci-personalizzato-per-crema-viso.webp?fit=1134%2C1134&ssl=1","articleSection":["Novit\u00e0","Suggerimenti"],"inLanguage":"it-IT"},{"@type":"WebPage","@id":"https:\/\/www.packzone.it\/catalogo\/etichette-imballaggi\/","url":"https:\/\/www.packzone.it\/catalogo\/etichette-imballaggi\/","name":"Cambiano le etichette sugli imballaggi - PackZone.it","isPartOf":{"@id":"https:\/\/www.packzone.it\/catalogo\/#website"},"primaryImageOfPage":{"@id":"https:\/\/www.packzone.it\/catalogo\/etichette-imballaggi\/#primaryimage"},"image":{"@id":"https:\/\/www.packzone.it\/catalogo\/etichette-imballaggi\/#primaryimage"},"thumbnailUrl":"https:\/\/i0.wp.com\/www.packzone.it\/catalogo\/wp-content\/uploads\/2023\/01\/astucci-personalizzato-per-crema-viso.webp?fit=1134%2C1134&ssl=1","datePublished":"2023-01-31T07:39:00+00:00","dateModified":"2026-03-26T10:50:14+00:00","description":"Nuove regole di etichettatura per il packaging: non sar\u00e0 pi\u00f9 possibile immettere in commercio quelli che ne saranno privi. Approfondisci...","breadcrumb":{"@id":"https:\/\/www.packzone.it\/catalogo\/etichette-imballaggi\/#breadcrumb"},"inLanguage":"it-IT","potentialAction":[{"@type":"ReadAction","target":["https:\/\/www.packzone.it\/catalogo\/etichette-imballaggi\/"]}]},{"@type":"ImageObject","inLanguage":"it-IT","@id":"https:\/\/www.packzone.it\/catalogo\/etichette-imballaggi\/#primaryimage","url":"https:\/\/i0.wp.com\/www.packzone.it\/catalogo\/wp-content\/uploads\/2023\/01\/astucci-personalizzato-per-crema-viso.webp?fit=1134%2C1134&ssl=1","contentUrl":"https:\/\/i0.wp.com\/www.packzone.it\/catalogo\/wp-content\/uploads\/2023\/01\/astucci-personalizzato-per-crema-viso.webp?fit=1134%2C1134&ssl=1","width":1134,"height":1134,"caption":"cambiano le etichette sugli imballaggi etichettatura ambientale del packaging"},{"@type":"BreadcrumbList","@id":"https:\/\/www.packzone.it\/catalogo\/etichette-imballaggi\/#breadcrumb","itemListElement":[{"@type":"ListItem","position":1,"name":"Home","item":"https:\/\/www.packzone.it\/catalogo\/"},{"@type":"ListItem","position":2,"name":"Novit\u00e0","item":"https:\/\/www.packzone.it\/catalogo\/blog\/novita\/"},{"@type":"ListItem","position":3,"name":"Cambiano le etichette sugli imballaggi"}]},{"@type":"WebSite","@id":"https:\/\/www.packzone.it\/catalogo\/#website","url":"https:\/\/www.packzone.it\/catalogo\/","name":"PackZone.it","description":"Soluzioni di Packaging personalizzato su misura che proteggono il tuo valore.","publisher":{"@id":"https:\/\/www.packzone.it\/catalogo\/#organization"},"alternateName":"Packzone.it","potentialAction":[{"@type":"SearchAction","target":{"@type":"EntryPoint","urlTemplate":"https:\/\/www.packzone.it\/catalogo\/?s={search_term_string}"},"query-input":{"@type":"PropertyValueSpecification","valueRequired":true,"valueName":"search_term_string"}}],"inLanguage":"it-IT"},{"@type":"Organization","@id":"https:\/\/www.packzone.it\/catalogo\/#organization","name":"PackZone.it","alternateName":"Packzone.it","url":"https:\/\/www.packzone.it\/catalogo\/","logo":{"@type":"ImageObject","inLanguage":"it-IT","@id":"https:\/\/www.packzone.it\/catalogo\/#\/schema\/logo\/image\/","url":"https:\/\/www.packzone.it\/catalogo\/wp-content\/uploads\/2022\/06\/logo.svg","contentUrl":"https:\/\/www.packzone.it\/catalogo\/wp-content\/uploads\/2022\/06\/logo.svg","width":350,"height":178,"caption":"PackZone.it"},"image":{"@id":"https:\/\/www.packzone.it\/catalogo\/#\/schema\/logo\/image\/"},"sameAs":["https:\/\/www.facebook.com\/grafemagroup","https:\/\/x.com\/grafemagroup","https:\/\/www.instagram.com\/grafemagroup.it\/","https:\/\/www.linkedin.com\/company\/42678813\/admin\/","https:\/\/www.youtube.com\/channel\/UC44Nrj4jwb4T90noFVaDb0A","https:\/\/www.instagram.com\/packzone.it\/"]},{"@type":"Person","@id":"https:\/\/www.packzone.it\/catalogo\/#\/schema\/person\/012870d66f936de8700ec71c5f0a6d99","name":"Marino Risi","image":{"@type":"ImageObject","inLanguage":"it-IT","@id":"https:\/\/secure.gravatar.com\/avatar\/c66ae043d506c88a63b3110828d9a77cee58e039f8471d4728107cced9a78826?s=96&d=mm&r=g","url":"https:\/\/secure.gravatar.com\/avatar\/c66ae043d506c88a63b3110828d9a77cee58e039f8471d4728107cced9a78826?s=96&d=mm&r=g","contentUrl":"https:\/\/secure.gravatar.com\/avatar\/c66ae043d506c88a63b3110828d9a77cee58e039f8471d4728107cced9a78826?s=96&d=mm&r=g","caption":"Marino Risi"},"sameAs":["https:\/\/www.packzone.it\/catalogo"]}]}},"jetpack_featured_media_url":"https:\/\/i0.wp.com\/www.packzone.it\/catalogo\/wp-content\/uploads\/2023\/01\/astucci-personalizzato-per-crema-viso.webp?fit=1134%2C1134&ssl=1","_links":{"self":[{"href":"https:\/\/www.packzone.it\/catalogo\/wp-json\/wp\/v2\/posts\/9818","targetHints":{"allow":["GET"]}}],"collection":[{"href":"https:\/\/www.packzone.it\/catalogo\/wp-json\/wp\/v2\/posts"}],"about":[{"href":"https:\/\/www.packzone.it\/catalogo\/wp-json\/wp\/v2\/types\/post"}],"author":[{"embeddable":true,"href":"https:\/\/www.packzone.it\/catalogo\/wp-json\/wp\/v2\/users\/1"}],"replies":[{"embeddable":true,"href":"https:\/\/www.packzone.it\/catalogo\/wp-json\/wp\/v2\/comments?post=9818"}],"version-history":[{"count":0,"href":"https:\/\/www.packzone.it\/catalogo\/wp-json\/wp\/v2\/posts\/9818\/revisions"}],"wp:featuredmedia":[{"embeddable":true,"href":"https:\/\/www.packzone.it\/catalogo\/wp-json\/wp\/v2\/media\/19843"}],"wp:attachment":[{"href":"https:\/\/www.packzone.it\/catalogo\/wp-json\/wp\/v2\/media?parent=9818"}],"wp:term":[{"taxonomy":"category","embeddable":true,"href":"https:\/\/www.packzone.it\/catalogo\/wp-json\/wp\/v2\/categories?post=9818"},{"taxonomy":"post_tag","embeddable":true,"href":"https:\/\/www.packzone.it\/catalogo\/wp-json\/wp\/v2\/tags?post=9818"}],"curies":[{"name":"wp","href":"https:\/\/api.w.org\/{rel}","templated":true}]}}